{"id":4714,"date":"2022-01-17T09:49:00","date_gmt":"2022-01-17T08:49:00","guid":{"rendered":"https:\/\/mol-logistics.eu\/mol-uk-participates-in-ecologi\/"},"modified":"2024-12-05T13:03:22","modified_gmt":"2024-12-05T12:03:22","slug":"mol-uk-se-podili-na-ekologii","status":"publish","type":"post","link":"https:\/\/mol-logistics.eu\/cs\/mol-uk-se-podili-na-ekologii\/","title":{"rendered":"\"MOL UK se \u00fa\u010dastn\u00ed veletrhu Ecologi \""},"content":{"rendered":"<p><strong>V d\u016fsledku brexitu a pandemie Covid byla Velk\u00e1 Brit\u00e1nie v posledn\u00edch \u0161esti m\u011bs\u00edc\u00edch v\u00e1\u017en\u011b zasa\u017eena akutn\u00edm nedostatkem \u0159idi\u010d\u016f, co\u017e vedlo k prudk\u00e9mu n\u00e1r\u016fstu cen za dopravu ve v\u0161ech odv\u011btv\u00edch.<\/strong><\/p>\n\n\n\n<p>Situace se bohu\u017eel nijak v\u00fdrazn\u011b nezlep\u0161ila a o\u010dek\u00e1v\u00e1me napjat\u00fd trh a\u017e do konce roku a zejm\u00e9na do V\u00e1noc, kdy e-shopy a supermarkety za\u010dnou nab\u00edrat zam\u011bstnance do sv\u00fdch provoz\u016f s konkuren\u010dn\u00edmi sazbami a bonusy p\u0159i podpisu smlouvy. Udr\u017eet si zam\u011bstnance v doprav\u011b a ve skladech je trval\u00fd probl\u00e9m, proto\u017ee na trhu je velk\u00e1 konkurence kvalifikovan\u00fdch i nekvalifikovan\u00fdch pracovn\u00edk\u016f.<\/p>\n\n\n\n<p>P\u0159esto\u017ee odv\u011btv\u00ed vyzvalo vl\u00e1du, aby se t\u00edmto probl\u00e9mem co nejnal\u00e9hav\u011bji zab\u00fdvala, nedo\u0161lo k \u017e\u00e1dn\u00e9mu posunu v ot\u00e1zce zm\u00edrn\u011bn\u00ed v\u00edzov\u00fdch omezen\u00ed pro \u0159idi\u010de a skladn\u00edky. Nam\u00edsto toho vl\u00e1da pracuje na urychlen\u00ed kvalifikace \u0159idi\u010d\u016f n\u00e1kladn\u00edch vozidel, ale dozv\u00edd\u00e1me se, \u017ee n\u011bkte\u0159\u00ed \u0159idi\u010di mohou z\u00edskat term\u00edn a\u017e na za\u010d\u00e1tku prosince nebo dokonce ledna 2022. I kdyby se vl\u00e1da rozhodla v\u00edzov\u00e1 omezen\u00ed zm\u00edrnit, neo\u010dek\u00e1v\u00e1me v roce 2021 v\u00fdrazn\u00e9 zlep\u0161en\u00ed.<\/p>\n\n\n\n<h2 class=\"wp-block-heading\">Jak\u00e1 opat\u0159en\u00ed spole\u010dnost MOL p\u0159ijala?<\/h2>\n\n\n\n<ul class=\"wp-block-list\"><li>P\u0159edb\u011b\u017en\u00e9 pl\u00e1nov\u00e1n\u00ed p\u0159epravy t\u00fdden p\u0159edem, pokud je to mo\u017en\u00e9, aby se zabr\u00e1nilo zpo\u017ed\u011bn\u00ed n\u00e1kladu.&nbsp;<\/li><li>Roz\u0161\u00ed\u0159en\u00ed mo\u017enost\u00ed p\u0159epravy pomoc\u00ed dopravc\u016f, se kter\u00fdmi spole\u010dnost MOL dosud nespolupracovala.<\/li><li>Zv\u00fd\u0161en\u00ed plateb partner\u016fm za \u00fa\u010delem zaji\u0161t\u011bn\u00ed slu\u017eeb, kde je to mo\u017en\u00e9.&nbsp;<\/li><\/ul>","protected":false},"excerpt":{"rendered":"<p>Spole\u010dnost MOL UK se \u00fa\u010dastn\u00ed projektu Ecologi, aby kompenzovala logistick\u00e9 aktivity sv\u00fdch z\u00e1kazn\u00edk\u016f.<\/p>","protected":false},"author":9,"featured_media":4630,"comment_status":"closed","ping_status":"open","sticky":false,"template":"","format":"standard","meta":{"_acf_changed":false,"footnotes":""},"categories":[12],"tags":[],"countries":[27],"eigen-foto":[117],"offices":[],"class_list":["post-4714","post","type-post","status-publish","format-standard","has-post-thumbnail","hentry","category-news","countries-united-kingdom","eigen-foto-nee"],"acf":[],"_links":{"self":[{"href":"https:\/\/mol-logistics.eu\/cs\/wp-json\/wp\/v2\/posts\/4714","targetHints":{"allow":["GET"]}}],"collection":[{"href":"https:\/\/mol-logistics.eu\/cs\/wp-json\/wp\/v2\/posts"}],"about":[{"href":"https:\/\/mol-logistics.eu\/cs\/wp-json\/wp\/v2\/types\/post"}],"author":[{"embeddable":true,"href":"https:\/\/mol-logistics.eu\/cs\/wp-json\/wp\/v2\/users\/9"}],"replies":[{"embeddable":true,"href":"https:\/\/mol-logistics.eu\/cs\/wp-json\/wp\/v2\/comments?post=4714"}],"version-history":[{"count":1,"href":"https:\/\/mol-logistics.eu\/cs\/wp-json\/wp\/v2\/posts\/4714\/revisions"}],"predecessor-version":[{"id":20233,"href":"https:\/\/mol-logistics.eu\/cs\/wp-json\/wp\/v2\/posts\/4714\/revisions\/20233"}],"wp:featuredmedia":[{"embeddable":true,"href":"https:\/\/mol-logistics.eu\/cs\/wp-json\/wp\/v2\/media\/4630"}],"wp:attachment":[{"href":"https:\/\/mol-logistics.eu\/cs\/wp-json\/wp\/v2\/media?parent=4714"}],"wp:term":[{"taxonomy":"category","embeddable":true,"href":"https:\/\/mol-logistics.eu\/cs\/wp-json\/wp\/v2\/categories?post=4714"},{"taxonomy":"post_tag","embeddable":true,"href":"https:\/\/mol-logistics.eu\/cs\/wp-json\/wp\/v2\/tags?post=4714"},{"taxonomy":"countries","embeddable":true,"href":"https:\/\/mol-logistics.eu\/cs\/wp-json\/wp\/v2\/countries?post=4714"},{"taxonomy":"eigen-foto","embeddable":true,"href":"https:\/\/mol-logistics.eu\/cs\/wp-json\/wp\/v2\/eigen-foto?post=4714"},{"taxonomy":"offices","embeddable":true,"href":"https:\/\/mol-logistics.eu\/cs\/wp-json\/wp\/v2\/offices?post=4714"}],"curies":[{"name":"wp","href":"https:\/\/api.w.org\/{rel}","templated":true}]}}