{"id":5137,"date":"2022-11-10T16:00:00","date_gmt":"2022-11-10T15:00:00","guid":{"rendered":"https:\/\/mol-logistics.eu\/?p=5137"},"modified":"2024-12-05T13:03:21","modified_gmt":"2024-12-05T12:03:21","slug":"silnicni-divize-spolecnosti-mol-logistics-polsko","status":"publish","type":"post","link":"https:\/\/mol-logistics.eu\/cs\/silnicni-divize-spolecnosti-mol-logistics-polsko\/","title":{"rendered":"Silni\u010dn\u00ed divize spole\u010dnosti MOL Logistics Polsko"},"content":{"rendered":"<p>Specializovan\u00ed dopravci, spolehliv\u00ed a prov\u011b\u0159en\u00ed dodavatel\u00e9 po cel\u00e9 Evrop\u011b zaji\u0161\u0165uj\u00ed bezprobl\u00e9movou p\u0159epravu a mo\u017enost sledovat n\u00e1klad na ka\u017ed\u00e9m kroku.<\/p>\n\n\n\n<h3 class=\"wp-block-heading\"><em>\"Spolehn\u011bte se na partnera, kter\u00fd bezchybn\u011b doru\u010d\u00ed v\u00e1\u0161 n\u00e1klad bez ohledu na jeho velikost nebo m\u00edsto ur\u010den\u00ed.\"<\/em><\/h3>\n\n\n\n<p>M\u016f\u017eeme zajistit, \u017ee v\u0161echna vozidla jsou vybavena nejnov\u011bj\u0161\u00edm syst\u00e9mem sledov\u00e1n\u00ed, kter\u00fd n\u00e1m umo\u017e\u0148uje lokalizovat na\u0161e \u0159idi\u010de kdekoli a kdykoli. Pou\u017e\u00edv\u00e1me ekologick\u00e1 vozidla s nejvy\u0161\u0161\u00edmi standardy.<\/p>\n\n\n\n<h3 class=\"wp-block-heading\"><em>\"Do 30 minut obdr\u017e\u00edte nab\u00eddku s \u0159e\u0161en\u00edm a odhadovanou dobou p\u0159epravy.\"<\/em><\/h3>\n\n\n\n<p>Na\u0161i zam\u011bstnanci poskytuj\u00ed flexibiln\u00ed \u0159e\u0161en\u00ed kdykoli a kdekoli, od jednotliv\u00fdch z\u00e1silek a\u017e po cel\u00e1 vozidla, v\u010detn\u011b vyhrazen\u00e9 p\u0159epravy v\u0161ech velikost\u00ed. D\u00edky na\u0161im zku\u0161enostem m\u016f\u017eeme nab\u00eddnout konkurenceschopn\u00e9 ceny a nejvy\u0161\u0161\u00ed kvalitu. Odpov\u011b\u010f na dotazy zaslan\u00e9 e-mailem nebo telefonicky zabere jen n\u011bkolik okam\u017eik\u016f. Do 30 minut obdr\u017e\u00edte cenovou nab\u00eddku s \u0159e\u0161en\u00edm a odhadovanou dobou p\u0159epravy.<\/p>\n\n\n\n<p>Spole\u010dnost MOL Logistics Poland poka\u017ed\u00e9 poskytla nejvy\u0161\u0161\u00ed kvalitu slu\u017eeb z\u00e1kazn\u00edk\u016fm: flexibilitu, rychlost reakce a informace o aktu\u00e1ln\u00ed poloze n\u00e1kladu v re\u00e1ln\u00e9m \u010dase. Ke ka\u017ed\u00e9mu klientovi a dotazu p\u0159istupujeme individu\u00e1ln\u011b.<\/p>\n\n\n\n<figure class=\"wp-block-image\"><img decoding=\"async\" src=\"https:\/\/r3aspeyf11-flywheel.netdna-ssl.com\/wp-content\/uploads\/2018\/12\/customs-activities-import-export-mol.jpg\" alt=\"\" class=\"wp-image-53518\" title=\"customs-activities-import-export-mol\"\/><\/figure>\n\n\n\n<h3 class=\"wp-block-heading\"><em>\"N\u00e1\u0161 t\u00fdm je otev\u0159en\u00fd a zam\u011b\u0159uje se na hled\u00e1n\u00ed optim\u00e1ln\u00edho \u0159e\u0161en\u00ed.\"<\/em><\/h3>","protected":false},"excerpt":{"rendered":"<p>Specializovan\u00ed dopravci, spolehliv\u00ed a prov\u011b\u0159en\u00ed dodavatel\u00e9 po cel\u00e9 Evrop\u011b zaji\u0161\u0165uj\u00ed bezprobl\u00e9movou p\u0159epravu a mo\u017enost sledovat n\u00e1klad na ka\u017ed\u00e9m kroku. \"Spolehn\u011bte se na partnera, kter\u00fd bezchybn\u011b doru\u010d\u00ed v\u00e1\u0161 n\u00e1klad bez ohledu na velikost nebo m\u00edsto ur\u010den\u00ed.\" M\u016f\u017eeme zajistit, \u017ee v\u0161echna vozidla jsou vybavena nejnov\u011bj\u0161\u00edm syst\u00e9mem sledov\u00e1n\u00ed, kter\u00fd n\u00e1m umo\u017e\u0148uje lokalizovat na\u0161e [...]<\/p>","protected":false},"author":1,"featured_media":0,"comment_status":"closed","ping_status":"closed","sticky":false,"template":"","format":"standard","meta":{"_acf_changed":false,"footnotes":""},"categories":[87],"tags":[],"countries":[10],"eigen-foto":[117],"offices":[],"class_list":["post-5137","post","type-post","status-publish","format-standard","hentry","category-interview","countries-poland","eigen-foto-nee"],"acf":[],"_links":{"self":[{"href":"https:\/\/mol-logistics.eu\/cs\/wp-json\/wp\/v2\/posts\/5137","targetHints":{"allow":["GET"]}}],"collection":[{"href":"https:\/\/mol-logistics.eu\/cs\/wp-json\/wp\/v2\/posts"}],"about":[{"href":"https:\/\/mol-logistics.eu\/cs\/wp-json\/wp\/v2\/types\/post"}],"author":[{"embeddable":true,"href":"https:\/\/mol-logistics.eu\/cs\/wp-json\/wp\/v2\/users\/1"}],"replies":[{"embeddable":true,"href":"https:\/\/mol-logistics.eu\/cs\/wp-json\/wp\/v2\/comments?post=5137"}],"version-history":[{"count":1,"href":"https:\/\/mol-logistics.eu\/cs\/wp-json\/wp\/v2\/posts\/5137\/revisions"}],"predecessor-version":[{"id":5139,"href":"https:\/\/mol-logistics.eu\/cs\/wp-json\/wp\/v2\/posts\/5137\/revisions\/5139"}],"wp:attachment":[{"href":"https:\/\/mol-logistics.eu\/cs\/wp-json\/wp\/v2\/media?parent=5137"}],"wp:term":[{"taxonomy":"category","embeddable":true,"href":"https:\/\/mol-logistics.eu\/cs\/wp-json\/wp\/v2\/categories?post=5137"},{"taxonomy":"post_tag","embeddable":true,"href":"https:\/\/mol-logistics.eu\/cs\/wp-json\/wp\/v2\/tags?post=5137"},{"taxonomy":"countries","embeddable":true,"href":"https:\/\/mol-logistics.eu\/cs\/wp-json\/wp\/v2\/countries?post=5137"},{"taxonomy":"eigen-foto","embeddable":true,"href":"https:\/\/mol-logistics.eu\/cs\/wp-json\/wp\/v2\/eigen-foto?post=5137"},{"taxonomy":"offices","embeddable":true,"href":"https:\/\/mol-logistics.eu\/cs\/wp-json\/wp\/v2\/offices?post=5137"}],"curies":[{"name":"wp","href":"https:\/\/api.w.org\/{rel}","templated":true}]}}