{"id":6869,"date":"2023-11-27T11:13:03","date_gmt":"2023-11-27T10:13:03","guid":{"rendered":"https:\/\/mol-logistics.eu\/?p=6869"},"modified":"2024-12-05T13:03:20","modified_gmt":"2024-12-05T12:03:20","slug":"vitame-jamieho-garnera-naseho-noveho-vedouciho-skladu","status":"publish","type":"post","link":"https:\/\/mol-logistics.eu\/cs\/vitame-jamieho-garnera-naseho-noveho-vedouciho-skladu\/","title":{"rendered":"V\u00edt\u00e1me Jamieho Garnera: na\u0161eho nov\u00e9ho vedouc\u00edho skladu"},"content":{"rendered":"<div data-elementor-type=\"wp-post\" data-elementor-id=\"6869\" class=\"elementor elementor-6869\" data-elementor-post-type=\"post\">\n\t\t\t\t\t\t<section class=\"has_ae_slider elementor-section elementor-top-section elementor-element elementor-element-11276e55 elementor-section-boxed elementor-section-height-default elementor-section-height-default ae-bg-gallery-type-default\" data-id=\"11276e55\" data-element_type=\"section\" data-e-type=\"section\">\n\t\t\t\t\t\t<div class=\"elementor-container elementor-column-gap-default\">\n\t\t\t\t\t<div class=\"has_ae_slider elementor-column elementor-col-100 elementor-top-column elementor-element elementor-element-20f7aa2e ae-bg-gallery-type-default\" data-id=\"20f7aa2e\" data-element_type=\"column\" data-e-type=\"column\">\n\t\t\t<div class=\"elementor-widget-wrap elementor-element-populated\">\n\t\t\t\t\t\t<div class=\"elementor-element elementor-element-41da0353 elementor-widget elementor-widget-text-editor\" data-id=\"41da0353\" data-element_type=\"widget\" data-e-type=\"widget\" data-widget_type=\"text-editor.default\">\n\t\t\t\t\t\t\t\t\t<p><\/p>\n<p>Jsme r\u00e1di, \u017ee v\u00e1m m\u016f\u017eeme p\u0159edstavit nejnov\u011bj\u0161\u00ed posilu na\u0161eho t\u00fdmu, Jamieho Garnera, kter\u00fd se k n\u00e1m p\u0159ipojil jako vedouc\u00ed skladu. Jamie k n\u00e1m p\u0159ich\u00e1z\u00ed s p\u016fsobiv\u00fdm z\u00e1zem\u00edm a bohat\u00fdmi zku\u0161enostmi v logistick\u00e9m odv\u011btv\u00ed a jsme nad\u0161eni, \u017ee m\u00e1me na palub\u011b n\u011bkoho takov\u00e9ho kalibru, jako je Jamie.<\/p>\n<p><\/p>\n<p><\/p>\n<h2 class=\"wp-block-heading\">Osv\u011bd\u010den\u00e9 v\u00fdsledky<\/h2>\n<p><\/p>\n<p><\/p>\n<p>Jamie p\u0159ich\u00e1z\u00ed do spole\u010dnosti MOL Logistics po dev\u00edti letech pr\u00e1ce vedouc\u00edho skladov\u00e9ho provozu v glob\u00e1ln\u00ed logistick\u00e9 spole\u010dnosti. Jamie za\u010d\u00ednal jako vedouc\u00ed pracovn\u00edk a vedl t\u00fdm k v\u00fdjime\u010dn\u00e9mu \u00fasp\u011bchu a r\u016fstu. Jamie m\u00e1 za sebou bohatou historii ve veden\u00ed v\u00fdznamn\u00fdch glob\u00e1ln\u00edch technologick\u00fdch spole\u010dnost\u00ed a p\u0159in\u00e1\u0161\u00ed bohat\u00e9 zku\u0161enosti s \u0159e\u0161en\u00edm slo\u017eit\u00fdch zak\u00e1zek a poskytov\u00e1n\u00edm \u0161pi\u010dkov\u00fdch slu\u017eeb.<\/p>\n<p><\/p>\n<p><\/p>\n<h2 class=\"wp-block-heading\">Inovativn\u00ed p\u0159\u00edstup<\/h2>\n<p><\/p>\n<p><\/p>\n<p>Jamieho odhodl\u00e1n\u00ed inovovat se projevilo b\u011bhem kr\u00e1tk\u00e9ho p\u016fsoben\u00ed v Amsterdamu, kde byly jeho dovednosti z\u00e1sadn\u00ed p\u0159i p\u0159izp\u016fsobov\u00e1n\u00ed syst\u00e9mu Cross Dock z\u00e1kazn\u00edk\u016fm lond\u00fdnsk\u00e9ho leti\u0161t\u011b Heathrow. Jamieho p\u0159izp\u016fsobivost a praktick\u00e9 zku\u0161enosti s r\u016fzn\u00fdmi syst\u00e9my podtrhuj\u00ed jeho odhodl\u00e1n\u00ed poskytovat klient\u016fm \u0161pi\u010dkov\u00e9 slu\u017eby.<\/p>\n<p><\/p>\n<p><\/p>\n<h2 class=\"wp-block-heading\">Dovednosti a certifikace<\/h2>\n<p><\/p>\n<p><\/p>\n<p>Jamie k n\u00e1m nav\u00edc p\u0159ich\u00e1z\u00ed se siln\u00fdm z\u00e1zem\u00edm nejen v oblasti provozu, ale tak\u00e9 v oblasti bezpe\u010dnosti. Je dr\u017eitelem pln\u00e9ho \u0159idi\u010dsk\u00e9ho opr\u00e1vn\u011bn\u00ed na vysokozdvi\u017en\u00fd voz\u00edk a je vy\u0161kolen v poskytov\u00e1n\u00ed prvn\u00ed pomoci, tak\u017ee Jamie p\u0159in\u00e1\u0161\u00ed komplexn\u00ed p\u0159\u00edstup k \u0159\u00edzen\u00ed skladu a zaji\u0161\u0165uje jak provozn\u00ed efektivitu, tak i dodr\u017eov\u00e1n\u00ed bezpe\u010dnostn\u00edch standard\u016f.<\/p>\n<p><\/p>\n<p><\/p>\n<blockquote class=\"is-layout-flow wp-block-quote-is-layout-flow\">\n<p><\/p>\n<p>Podle Jamieho vlastn\u00edch slov:<\/p>\n<p><cite>\"T\u011b\u0161\u00edm se na sv\u00e9 nov\u00e9 dobrodru\u017estv\u00ed ve spole\u010dnosti MOL Logistics, ambici\u00f3zn\u00ed a rostouc\u00ed spole\u010dnosti v oblasti logistiky. Oslovila m\u011b skute\u010dn\u00e1 p\u00e9\u010de spole\u010dnosti o zam\u011bstnance a jej\u00ed ne\u00fanavn\u00e9 \u00fasil\u00ed o spokojenost z\u00e1kazn\u00edk\u016f.\"<\/cite><\/p>\n<\/blockquote>\n<p><\/p>\n<p><\/p>\n<h2 class=\"wp-block-heading\">Kontaktujte n\u00e1s<\/h2>\n<p><\/p>\n<p><\/p>\n<p>Pro dal\u0161\u00ed informace o na\u0161ich skladov\u00fdch slu\u017eb\u00e1ch nev\u00e1hejte kontaktovat Jamieho na adrese <a href=\"mailto:jamie.garner@molgroup.com\">jamie.garner@molgroup.com <\/a>nebo n\u00e1\u0161 obchodn\u00ed t\u00fdm na <a href=\"mailto:mlguk.sales@molgroup.com\" target=\"_blank\" rel=\"noreferrer noopener\">mlguk.sales@molgroup.com<\/a>\u00a0<\/p>\n<p><\/p>\t\t\t\t\t\t\t\t<\/div>\n\t\t\t\t\t<\/div>\n\t\t<\/div>\n\t\t\t\t\t<\/div>\n\t\t<\/section>\n\t\t\t\t<section class=\"has_ae_slider elementor-section elementor-top-section elementor-element elementor-element-81afc24 elementor-section-boxed elementor-section-height-default elementor-section-height-default ae-bg-gallery-type-default\" data-id=\"81afc24\" data-element_type=\"section\" data-e-type=\"section\">\n\t\t\t\t\t\t<div class=\"elementor-container elementor-column-gap-default\">\n\t\t\t\t\t<div class=\"has_ae_slider elementor-column elementor-col-100 elementor-top-column elementor-element elementor-element-1ef0bca ae-bg-gallery-type-default\" data-id=\"1ef0bca\" data-element_type=\"column\" data-e-type=\"column\">\n\t\t\t<div class=\"elementor-widget-wrap\">\n\t\t\t\t\t\t\t<\/div>\n\t\t<\/div>\n\t\t\t\t\t<\/div>\n\t\t<\/section>\n\t\t\t\t<\/div>","protected":false},"excerpt":{"rendered":"<p>Jsme r\u00e1di, \u017ee v\u00e1m m\u016f\u017eeme p\u0159edstavit nejnov\u011bj\u0161\u00ed posilu na\u0161eho t\u00fdmu, Jamieho Garnera, kter\u00fd se k n\u00e1m p\u0159ipojil jako vedouc\u00ed skladu. Jamie k n\u00e1m p\u0159ich\u00e1z\u00ed s p\u016fsobiv\u00fdm z\u00e1zem\u00edm a bohat\u00fdmi zku\u0161enostmi v logistick\u00e9m odv\u011btv\u00ed a jsme nad\u0161eni, \u017ee m\u00e1me na palub\u011b n\u011bkoho takov\u00e9ho kalibru, jako je Jamie. Osv\u011bd\u010den\u00e9 v\u00fdsledky Jamie p\u0159ich\u00e1z\u00ed do spole\u010dnosti MOL [...]<\/p>","protected":false},"author":9,"featured_media":6870,"comment_status":"closed","ping_status":"closed","sticky":false,"template":"","format":"standard","meta":{"_acf_changed":false,"footnotes":""},"categories":[12,15],"tags":[],"countries":[27],"eigen-foto":[117],"offices":[],"class_list":["post-6869","post","type-post","status-publish","format-standard","has-post-thumbnail","hentry","category-news","category-warehousing","countries-united-kingdom","eigen-foto-nee"],"acf":[],"_links":{"self":[{"href":"https:\/\/mol-logistics.eu\/cs\/wp-json\/wp\/v2\/posts\/6869","targetHints":{"allow":["GET"]}}],"collection":[{"href":"https:\/\/mol-logistics.eu\/cs\/wp-json\/wp\/v2\/posts"}],"about":[{"href":"https:\/\/mol-logistics.eu\/cs\/wp-json\/wp\/v2\/types\/post"}],"author":[{"embeddable":true,"href":"https:\/\/mol-logistics.eu\/cs\/wp-json\/wp\/v2\/users\/9"}],"replies":[{"embeddable":true,"href":"https:\/\/mol-logistics.eu\/cs\/wp-json\/wp\/v2\/comments?post=6869"}],"version-history":[{"count":5,"href":"https:\/\/mol-logistics.eu\/cs\/wp-json\/wp\/v2\/posts\/6869\/revisions"}],"predecessor-version":[{"id":8063,"href":"https:\/\/mol-logistics.eu\/cs\/wp-json\/wp\/v2\/posts\/6869\/revisions\/8063"}],"wp:featuredmedia":[{"embeddable":true,"href":"https:\/\/mol-logistics.eu\/cs\/wp-json\/wp\/v2\/media\/6870"}],"wp:attachment":[{"href":"https:\/\/mol-logistics.eu\/cs\/wp-json\/wp\/v2\/media?parent=6869"}],"wp:term":[{"taxonomy":"category","embeddable":true,"href":"https:\/\/mol-logistics.eu\/cs\/wp-json\/wp\/v2\/categories?post=6869"},{"taxonomy":"post_tag","embeddable":true,"href":"https:\/\/mol-logistics.eu\/cs\/wp-json\/wp\/v2\/tags?post=6869"},{"taxonomy":"countries","embeddable":true,"href":"https:\/\/mol-logistics.eu\/cs\/wp-json\/wp\/v2\/countries?post=6869"},{"taxonomy":"eigen-foto","embeddable":true,"href":"https:\/\/mol-logistics.eu\/cs\/wp-json\/wp\/v2\/eigen-foto?post=6869"},{"taxonomy":"offices","embeddable":true,"href":"https:\/\/mol-logistics.eu\/cs\/wp-json\/wp\/v2\/offices?post=6869"}],"curies":[{"name":"wp","href":"https:\/\/api.w.org\/{rel}","templated":true}]}}