{"id":4723,"date":"2022-08-16T00:00:11","date_gmt":"2022-08-15T22:00:11","guid":{"rendered":"https:\/\/mol-logistics.eu\/strike-at-felixstowe-port\/"},"modified":"2024-12-05T13:03:21","modified_gmt":"2024-12-05T12:03:21","slug":"strajk-w-porcie-felixstowe","status":"publish","type":"post","link":"https:\/\/mol-logistics.eu\/pl\/strajk-w-porcie-felixstowe\/","title":{"rendered":"Strajk w porcie Felixstowe"},"content":{"rendered":"<p>W najbli\u017cszych dniach pracownicy portu b\u0119d\u0105 strajkowa\u0107 przez osiem dni.<\/p>\n\n\n\n<p>Na koniec sierpnia zapowiedziano strajk w porcie Felixstowe. Od niedzieli 21 sierpnia do poniedzia\u0142ku 29 sierpnia najwi\u0119kszy port w Wielkiej Brytanii zostanie zamkni\u0119ty na 8 dni, powoduj\u0105c nieuniknione op\u00f3\u017anienia i zaleg\u0142o\u015bci.<\/p>\n\n\n\n<h2 class=\"wp-block-heading\">Pow\u00f3d strajku<\/h2>\n\n\n\n<p>Zwi\u0105zek zawodowy Unite i Hutchison Ports nie osi\u0105gn\u0119\u0142y porozumienia.&nbsp;<a href=\"https:\/\/www.bbc.co.uk\/news\/business-62477952\" target=\"_blank\" rel=\"noreferrer noopener\">umowa<\/a>&nbsp;po z\u0142o\u017ceniu oferty zmiany wynagrodzenia.<\/p>\n\n\n\n<p>Strajk wp\u0142ynie na ca\u0142\u0105 si\u0142\u0119 robocz\u0105: kierowc\u00f3w d\u017awig\u00f3w, operator\u00f3w maszyn i sztauer\u00f3w, kt\u00f3rzy s\u0105 odpowiedzialni za za\u0142adunek i roz\u0142adunek kontener\u00f3w.<\/p>\n\n\n\n<h2 class=\"wp-block-heading\">Plan MOL<\/h2>\n\n\n\n<p>Nasz zesp\u00f3\u0142 b\u0119dzie uwa\u017cnie monitorowa\u0142 sytuacj\u0119, poniewa\u017c b\u0119dzie to mia\u0142o negatywny wp\u0142yw zar\u00f3wno na import, jak i eksport.<\/p>\n\n\n\n<p>Je\u015bli chodzi o import, linie \u017ceglugowe mog\u0105 anulowa\u0107 zawini\u0119cia do Felixstowe lub przenie\u015b\u0107 je do innych port\u00f3w w Wielkiej Brytanii lub krajach UE - na przyk\u0142ad do Antwerpii. Postaramy si\u0119 jednak uzyska\u0107 jak najwi\u0119cej informacji od linii \u017ceglugowych lub wsp\u00f3\u0142za\u0142adowc\u00f3w, aby unikn\u0105\u0107 op\u00f3\u017anie\u0144, dodatkowych koszt\u00f3w lub zatrzyma\u0144, informuj\u0105c naszych klient\u00f3w na ka\u017cdym kroku.<\/p>\n\n\n\n<p>W przypadku eksportu, mimo \u017ce strajk mo\u017ce nadal powodowa\u0107 zak\u0142\u00f3cenia, postaramy si\u0119 zorganizowa\u0107 wyp\u0142yni\u0119cia z innych port\u00f3w w Wielkiej Brytanii, takich jak Southampton i London Gateway, aby zapobiec dalszym op\u00f3\u017anieniom.<\/p>\n\n\n\n<h2 class=\"wp-block-heading\">Skontaktuj si\u0119 z nami<\/h2>\n\n\n\n<p>Aby uzyska\u0107 wi\u0119cej informacji, prosimy o kontakt pod adresem&nbsp;<a href=\"mailto:info.uk@mol-logistics-group.com\">info.uk@mol-logistics-group.com<\/a>.<\/p>","protected":false},"excerpt":{"rendered":"<p>W najbli\u017cszych dniach pracownicy portu b\u0119d\u0105 strajkowa\u0107 przez osiem dni. Na koniec sierpnia zapowiedziano strajk w porcie Felixstowe. Od niedzieli 21 sierpnia do poniedzia\u0142ku 29 sierpnia najwi\u0119kszy port w Wielkiej Brytanii zostanie zamkni\u0119ty na 8 dni, powoduj\u0105c nieuniknione op\u00f3\u017anienia i zaleg\u0142o\u015bci. [...]<\/p>","protected":false},"author":9,"featured_media":4648,"comment_status":"closed","ping_status":"open","sticky":false,"template":"","format":"standard","meta":{"_acf_changed":false,"footnotes":""},"categories":[12],"tags":[],"countries":[27],"eigen-foto":[117],"offices":[],"class_list":["post-4723","post","type-post","status-publish","format-standard","has-post-thumbnail","hentry","category-news","countries-united-kingdom","eigen-foto-nee"],"acf":[],"_links":{"self":[{"href":"https:\/\/mol-logistics.eu\/pl\/wp-json\/wp\/v2\/posts\/4723","targetHints":{"allow":["GET"]}}],"collection":[{"href":"https:\/\/mol-logistics.eu\/pl\/wp-json\/wp\/v2\/posts"}],"about":[{"href":"https:\/\/mol-logistics.eu\/pl\/wp-json\/wp\/v2\/types\/post"}],"author":[{"embeddable":true,"href":"https:\/\/mol-logistics.eu\/pl\/wp-json\/wp\/v2\/users\/9"}],"replies":[{"embeddable":true,"href":"https:\/\/mol-logistics.eu\/pl\/wp-json\/wp\/v2\/comments?post=4723"}],"version-history":[{"count":1,"href":"https:\/\/mol-logistics.eu\/pl\/wp-json\/wp\/v2\/posts\/4723\/revisions"}],"predecessor-version":[{"id":4746,"href":"https:\/\/mol-logistics.eu\/pl\/wp-json\/wp\/v2\/posts\/4723\/revisions\/4746"}],"wp:featuredmedia":[{"embeddable":true,"href":"https:\/\/mol-logistics.eu\/pl\/wp-json\/wp\/v2\/media\/4648"}],"wp:attachment":[{"href":"https:\/\/mol-logistics.eu\/pl\/wp-json\/wp\/v2\/media?parent=4723"}],"wp:term":[{"taxonomy":"category","embeddable":true,"href":"https:\/\/mol-logistics.eu\/pl\/wp-json\/wp\/v2\/categories?post=4723"},{"taxonomy":"post_tag","embeddable":true,"href":"https:\/\/mol-logistics.eu\/pl\/wp-json\/wp\/v2\/tags?post=4723"},{"taxonomy":"countries","embeddable":true,"href":"https:\/\/mol-logistics.eu\/pl\/wp-json\/wp\/v2\/countries?post=4723"},{"taxonomy":"eigen-foto","embeddable":true,"href":"https:\/\/mol-logistics.eu\/pl\/wp-json\/wp\/v2\/eigen-foto?post=4723"},{"taxonomy":"offices","embeddable":true,"href":"https:\/\/mol-logistics.eu\/pl\/wp-json\/wp\/v2\/offices?post=4723"}],"curies":[{"name":"wp","href":"https:\/\/api.w.org\/{rel}","templated":true}]}}