{"id":6869,"date":"2023-11-27T11:13:03","date_gmt":"2023-11-27T10:13:03","guid":{"rendered":"https:\/\/mol-logistics.eu\/?p=6869"},"modified":"2024-12-05T13:03:20","modified_gmt":"2024-12-05T12:03:20","slug":"witamy-jamie-garner-naszego-nowego-kierownika-magazynu","status":"publish","type":"post","link":"https:\/\/mol-logistics.eu\/pl\/witamy-jamie-garner-naszego-nowego-kierownika-magazynu\/","title":{"rendered":"Witamy Jamie Garner: Nasz nowy kierownik magazynu"},"content":{"rendered":"<div data-elementor-type=\"wp-post\" data-elementor-id=\"6869\" class=\"elementor elementor-6869\" data-elementor-post-type=\"post\">\n\t\t\t\t\t\t<section class=\"has_ae_slider elementor-section elementor-top-section elementor-element elementor-element-11276e55 elementor-section-boxed elementor-section-height-default elementor-section-height-default ae-bg-gallery-type-default\" data-id=\"11276e55\" data-element_type=\"section\" data-e-type=\"section\">\n\t\t\t\t\t\t<div class=\"elementor-container elementor-column-gap-default\">\n\t\t\t\t\t<div class=\"has_ae_slider elementor-column elementor-col-100 elementor-top-column elementor-element elementor-element-20f7aa2e ae-bg-gallery-type-default\" data-id=\"20f7aa2e\" data-element_type=\"column\" data-e-type=\"column\">\n\t\t\t<div class=\"elementor-widget-wrap elementor-element-populated\">\n\t\t\t\t\t\t<div class=\"elementor-element elementor-element-41da0353 elementor-widget elementor-widget-text-editor\" data-id=\"41da0353\" data-element_type=\"widget\" data-e-type=\"widget\" data-widget_type=\"text-editor.default\">\n\t\t\t\t\t\t\t\t\t<p><\/p>\n<p>Z przyjemno\u015bci\u0105 przedstawiamy najnowszego cz\u0142onka naszego zespo\u0142u, Jamiego Garnera, kt\u00f3ry do\u0142\u0105cza do nas jako kierownik magazynu. Jamie przychodzi do nas z imponuj\u0105cym do\u015bwiadczeniem w bran\u017cy logistycznej i cieszymy si\u0119, \u017ce mamy na pok\u0142adzie kogo\u015b takiego jak Jamie.<\/p>\n<p><\/p>\n<p><\/p>\n<h2 class=\"wp-block-heading\">Udokumentowane osi\u0105gni\u0119cia<\/h2>\n<p><\/p>\n<p><\/p>\n<p>Jamie przybywa do MOL Logistics po dziewi\u0119ciu latach pracy na stanowisku kierownika operacji magazynowych w globalnej firmie logistycznej. Zaczynaj\u0105c jako kierownik, Jamie przewodzi\u0142 transformacyjnej podr\u00f3\u017cy, prowadz\u0105c zesp\u00f3\u0142 do wyj\u0105tkowego sukcesu i wzrostu. Dzi\u0119ki bogatej historii zarz\u0105dzania du\u017cymi globalnymi firmami technologicznymi, Jamie wnosi bogate do\u015bwiadczenie w obs\u0142udze skomplikowanych kontrakt\u00f3w i dostarczaniu us\u0142ug na najwy\u017cszym poziomie.<\/p>\n<p><\/p>\n<p><\/p>\n<h2 class=\"wp-block-heading\">Innowacyjne podej\u015bcie<\/h2>\n<p><\/p>\n<p><\/p>\n<p>Zaanga\u017cowanie Jamiego w innowacje ujawni\u0142o si\u0119 podczas kr\u00f3tkiego pobytu w Amsterdamie, gdzie jego umiej\u0119tno\u015bci by\u0142y niezb\u0119dne przy dostosowywaniu systemu Cross Dock dla klient\u00f3w London Heathrow. Zdolno\u015b\u0107 Jamiego do adaptacji i praktyczne do\u015bwiadczenie w r\u00f3\u017cnych systemach podkre\u015blaj\u0105 jego zaanga\u017cowanie w dostarczanie najwy\u017cszej jako\u015bci us\u0142ug naszym klientom.<\/p>\n<p><\/p>\n<p><\/p>\n<h2 class=\"wp-block-heading\">Umiej\u0119tno\u015bci i certyfikaty<\/h2>\n<p><\/p>\n<p><\/p>\n<p>Co wi\u0119cej, Jamie przychodzi do nas z silnym do\u015bwiadczeniem, nie tylko w zakresie operacji, ale tak\u017ce bezpiecze\u0144stwa. Posiadaj\u0105c pe\u0142ne uprawnienia na w\u00f3zki wid\u0142owe i b\u0119d\u0105c przeszkolonym w zakresie pierwszej pomocy, Jamie wnosi holistyczne podej\u015bcie do zarz\u0105dzania magazynem, zapewniaj\u0105c zar\u00f3wno wydajno\u015b\u0107 operacyjn\u0105, jak i spe\u0142nienie standard\u00f3w bezpiecze\u0144stwa.<\/p>\n<p><\/p>\n<p><\/p>\n<blockquote class=\"is-layout-flow wp-block-quote-is-layout-flow\">\n<p><\/p>\n<p>Jak m\u00f3wi sam Jamie:<\/p>\n<p><cite>\"Z niecierpliwo\u015bci\u0105 czekam na moj\u0105 now\u0105 przygod\u0119 z MOL Logistics, ambitn\u0105 i rozwijaj\u0105c\u0105 si\u0119 firm\u0105 w \u015bwiecie logistyki. Przyci\u0105gn\u0119\u0142a mnie prawdziwa troska firmy o pracownik\u00f3w i jej nieustanne zaanga\u017cowanie w zadowolenie klient\u00f3w\".<\/cite><\/p>\n<\/blockquote>\n<p><\/p>\n<p><\/p>\n<h2 class=\"wp-block-heading\">Skontaktuj si\u0119 z nami<\/h2>\n<p><\/p>\n<p><\/p>\n<p>Aby uzyska\u0107 wi\u0119cej informacji na temat naszych us\u0142ug magazynowych, prosimy o kontakt z Jamie pod adresem <a href=\"mailto:jamie.garner@molgroup.com\">jamie.garner@molgroup.com <\/a>lub nasz zesp\u00f3\u0142 sprzeda\u017cy pod adresem <a href=\"mailto:mlguk.sales@molgroup.com\" target=\"_blank\" rel=\"noreferrer noopener\">mlguk.sales@molgroup.com<\/a>\u00a0<\/p>\n<p><\/p>\t\t\t\t\t\t\t\t<\/div>\n\t\t\t\t\t<\/div>\n\t\t<\/div>\n\t\t\t\t\t<\/div>\n\t\t<\/section>\n\t\t\t\t<section class=\"has_ae_slider elementor-section elementor-top-section elementor-element elementor-element-81afc24 elementor-section-boxed elementor-section-height-default elementor-section-height-default ae-bg-gallery-type-default\" data-id=\"81afc24\" data-element_type=\"section\" data-e-type=\"section\">\n\t\t\t\t\t\t<div class=\"elementor-container elementor-column-gap-default\">\n\t\t\t\t\t<div class=\"has_ae_slider elementor-column elementor-col-100 elementor-top-column elementor-element elementor-element-1ef0bca ae-bg-gallery-type-default\" data-id=\"1ef0bca\" data-element_type=\"column\" data-e-type=\"column\">\n\t\t\t<div class=\"elementor-widget-wrap\">\n\t\t\t\t\t\t\t<\/div>\n\t\t<\/div>\n\t\t\t\t\t<\/div>\n\t\t<\/section>\n\t\t\t\t<\/div>","protected":false},"excerpt":{"rendered":"<p>Z przyjemno\u015bci\u0105 przedstawiamy najnowszego cz\u0142onka naszego zespo\u0142u, Jamiego Garnera, kt\u00f3ry do\u0142\u0105cza do nas jako kierownik magazynu. Jamie przychodzi do nas z imponuj\u0105cym do\u015bwiadczeniem w bran\u017cy logistycznej i cieszymy si\u0119, \u017ce mamy na pok\u0142adzie kogo\u015b takiego jak Jamie. Sprawdzone osi\u0105gni\u0119cia Jamie przybywa do MOL [...]<\/p>","protected":false},"author":9,"featured_media":6870,"comment_status":"closed","ping_status":"closed","sticky":false,"template":"","format":"standard","meta":{"_acf_changed":false,"footnotes":""},"categories":[12,15],"tags":[],"countries":[27],"eigen-foto":[117],"offices":[],"class_list":["post-6869","post","type-post","status-publish","format-standard","has-post-thumbnail","hentry","category-news","category-warehousing","countries-united-kingdom","eigen-foto-nee"],"acf":[],"_links":{"self":[{"href":"https:\/\/mol-logistics.eu\/pl\/wp-json\/wp\/v2\/posts\/6869","targetHints":{"allow":["GET"]}}],"collection":[{"href":"https:\/\/mol-logistics.eu\/pl\/wp-json\/wp\/v2\/posts"}],"about":[{"href":"https:\/\/mol-logistics.eu\/pl\/wp-json\/wp\/v2\/types\/post"}],"author":[{"embeddable":true,"href":"https:\/\/mol-logistics.eu\/pl\/wp-json\/wp\/v2\/users\/9"}],"replies":[{"embeddable":true,"href":"https:\/\/mol-logistics.eu\/pl\/wp-json\/wp\/v2\/comments?post=6869"}],"version-history":[{"count":5,"href":"https:\/\/mol-logistics.eu\/pl\/wp-json\/wp\/v2\/posts\/6869\/revisions"}],"predecessor-version":[{"id":8063,"href":"https:\/\/mol-logistics.eu\/pl\/wp-json\/wp\/v2\/posts\/6869\/revisions\/8063"}],"wp:featuredmedia":[{"embeddable":true,"href":"https:\/\/mol-logistics.eu\/pl\/wp-json\/wp\/v2\/media\/6870"}],"wp:attachment":[{"href":"https:\/\/mol-logistics.eu\/pl\/wp-json\/wp\/v2\/media?parent=6869"}],"wp:term":[{"taxonomy":"category","embeddable":true,"href":"https:\/\/mol-logistics.eu\/pl\/wp-json\/wp\/v2\/categories?post=6869"},{"taxonomy":"post_tag","embeddable":true,"href":"https:\/\/mol-logistics.eu\/pl\/wp-json\/wp\/v2\/tags?post=6869"},{"taxonomy":"countries","embeddable":true,"href":"https:\/\/mol-logistics.eu\/pl\/wp-json\/wp\/v2\/countries?post=6869"},{"taxonomy":"eigen-foto","embeddable":true,"href":"https:\/\/mol-logistics.eu\/pl\/wp-json\/wp\/v2\/eigen-foto?post=6869"},{"taxonomy":"offices","embeddable":true,"href":"https:\/\/mol-logistics.eu\/pl\/wp-json\/wp\/v2\/offices?post=6869"}],"curies":[{"name":"wp","href":"https:\/\/api.w.org\/{rel}","templated":true}]}}